{"id":1076,"date":"2014-04-08T21:13:33","date_gmt":"2014-04-08T21:13:33","guid":{"rendered":"http:\/\/kolekcjadomow.pl\/?p=31"},"modified":"2014-04-08T21:13:33","modified_gmt":"2014-04-08T21:13:33","slug":"41-dom-pasywny-idea-i-sama-koncepcja-2","status":"publish","type":"post","link":"https:\/\/budowlanyblog.pl\/?p=1076","title":{"rendered":"41.\tDom pasywny \u2013 idea i sama koncepcja"},"content":{"rendered":"<p>Kiedy\u015b m\u00f3wiona z ust do ust jako ciekawostka architektoniczno-budowlana, dzisiaj \u2013 technologia, kt\u00f3ra jest gwarantem oszcz\u0119dno\u015bci. I ta coraz popularna na polskich ziemiach ma swoje czysto finansowe uzasadnienie: jest to bowiem gwarancja du\u017co ni\u017cszych koszt\u00f3w eksploatacji w przysz\u0142o\u015bci, cho\u0107 wymaga troch\u0119 wy\u017cszego kosztu budowy.<br \/>\nProblemy z pozyskiwaniem energii nieodnawialnej zmusza do szukania, cz\u0119sto niekonwencjonalnych, metod pozyskiwania jej ze \u017ar\u00f3de\u0142 naturalnych i odnawialnych. W zwi\u0105zku z tym powstaje szereg technologii, dzi\u0119ki kt\u00f3rym mo\u017cemy wybra\u0107 projekt domu energooszcz\u0119dnego, kt\u00f3rego wyb\u00f3r zaprocentuje nam w przysz\u0142o\u015bci.<br \/>\nKoncepcja domu pasywnego narodzi\u0142a si\u0119 w Niemczech, kilkana\u015bcie lat temu. Tw\u00f3rcy ten koncepcji za\u0142o\u017cyli sobie, \u017ce budowa domu w tej technologii wykorzystuje nie tylko energi\u0119 s\u0142oneczn\u0105 (i ciep\u0142o, kt\u00f3re pozyskujemy z powietrza), ale tak\u017ce energi\u0119 z innych \u017ar\u00f3de\u0142, jak na przyk\u0142ad z ciep\u0142a wytwarzanego przez ludzki organizm albo tego pochodz\u0105cego z urz\u0105dze\u0144 gospodarstwa domowego. Zgodnie z t\u0105 ide\u0105, starano si\u0119 tworzy\u0107 projekty dom\u00f3w i standardy do budowania dom\u00f3w pasywnych.<br \/>\nJu\u017c w 1991 roku powsta\u0142 pierwszy dom pasywny. Wybudowano go tam, gdzie narodzi\u0142a si\u0119 koncepcja \u2013 a wi\u0119c w Niemczech, w mie\u015bcie o nazwie Darmstadt. W tym\u017ce mie\u015bcie, pi\u0119\u0107 lat p\u00f3\u017aniej, pod kierownictwem dra Wolfganga Feista powo\u0142ano Instytut Dom\u00f3w Pasywnych (Passivhaus Institut).<br \/>\nJak wspomnieli\u015bmy, idea domu pasywnego jest wci\u0105\u017c ide\u0105 stosunkowo innowacyjn\u0105, wykorzystywan\u0105 g\u0142\u00f3wnie w nowoczesnych projektach dom\u00f3w. Warto si\u0119 jednak jej bli\u017cej przyjrze\u0107 i zastanowi\u0107, czy nie stworzy\u0107 naszego domu w oparciu o ni\u0105 \u2013 <a href=\"https:\/\/z500.pl\/domy-energooszczedne.html\">projekty dom\u00f3w energooszcz\u0119dnych<\/a>, cho\u0107 na pierwszy rzut oka mog\u0105 nas przerazi\u0107 kosztami, w dalszej perspektywie mog\u0105 nam przynie\u015b\u0107 wymierne korzy\u015bci i zyski.<\/p>","protected":false},"excerpt":{"rendered":"<p>Kiedy\u015b m\u00f3wiona z ust do ust jako ciekawostka architektoniczno-budowlana, dzisiaj \u2013 technologia, kt\u00f3ra jest gwarantem oszcz\u0119dno\u015bci. I ta coraz popularna na polskich ziemiach ma swoje czysto finansowe uzasadnienie: jest to&hellip;<\/p>\n","protected":false},"author":1,"featured_media":1045,"comment_status":"open","ping_status":"open","sticky":false,"template":"","format":"standard","meta":[],"categories":[1],"tags":[],"_links":{"self":[{"href":"https:\/\/budowlanyblog.pl\/index.php?rest_route=\/wp\/v2\/posts\/1076"}],"collection":[{"href":"https:\/\/budowlanyblog.pl\/index.php?rest_route=\/wp\/v2\/posts"}],"about":[{"href":"https:\/\/budowlanyblog.pl\/index.php?rest_route=\/wp\/v2\/types\/post"}],"author":[{"embeddable":true,"href":"https:\/\/budowlanyblog.pl\/index.php?rest_route=\/wp\/v2\/users\/1"}],"replies":[{"embeddable":true,"href":"https:\/\/budowlanyblog.pl\/index.php?rest_route=%2Fwp%2Fv2%2Fcomments&post=1076"}],"version-history":[{"count":0,"href":"https:\/\/budowlanyblog.pl\/index.php?rest_route=\/wp\/v2\/posts\/1076\/revisions"}],"wp:featuredmedia":[{"embeddable":true,"href":"https:\/\/budowlanyblog.pl\/index.php?rest_route=\/wp\/v2\/media\/1045"}],"wp:attachment":[{"href":"https:\/\/budowlanyblog.pl\/index.php?rest_route=%2Fwp%2Fv2%2Fmedia&parent=1076"}],"wp:term":[{"taxonomy":"category","embeddable":true,"href":"https:\/\/budowlanyblog.pl\/index.php?rest_route=%2Fwp%2Fv2%2Fcategories&post=1076"},{"taxonomy":"post_tag","embeddable":true,"href":"https:\/\/budowlanyblog.pl\/index.php?rest_route=%2Fwp%2Fv2%2Ftags&post=1076"}],"curies":[{"name":"wp","href":"https:\/\/api.w.org\/{rel}","templated":true}]}}