{"id":1434,"date":"2014-08-03T14:29:42","date_gmt":"2014-08-03T14:29:42","guid":{"rendered":"http:\/\/penthouse2rent.com\/?p=55"},"modified":"2014-08-03T14:29:42","modified_gmt":"2014-08-03T14:29:42","slug":"dom-ladny-czy-praktyczny-2","status":"publish","type":"post","link":"https:\/\/budowlanyblog.pl\/?p=1434","title":{"rendered":"Dom \u0142adny czy praktyczny?"},"content":{"rendered":"<p>Kiedy ju\u017c wreszcie zabieramy si\u0119 za zakup lub budow\u0119 naszego nowego domu, czeka nas naprawd\u0119 mn\u00f3stwo ma\u0142ych i wi\u0119kszych decyzji. Musimy koniecznie okre\u015bli\u0107 swoje priorytety, wybiera\u0107 pomi\u0119dzy kilkoma jednakowo wa\u017cnymi rzeczami, p\u00f3j\u015b\u0107 na kompromis. Bardzo cz\u0119sto spotykanym dylematem jest zastanawianie si\u0119 nad tym czy postawi\u0107 na wygl\u0105d domu, kt\u00f3ry robi wra\u017cenie, czy zamiast tego przeznaczy\u0107 nasz bud\u017cet na funkcje bardziej praktyczne. Nie wiedzie\u0107 czemu, wydaje si\u0119 nam, \u017ce te dwie opcje si\u0119 wykluczaj\u0105. I rzeczywi\u015bcie mo\u017ce tak by\u0107, ale wcale nie musi.<br \/>\nZnalezienie potrzebnych materia\u0142\u00f3w, czy produkt\u00f3w, kt\u00f3re b\u0119d\u0105 zar\u00f3wno funkcjonalne, jak i dobrze si\u0119 prezentowa\u0107 mo\u017ce okaza\u0107 si\u0119 dla nas naprawd\u0119 trudnym zadaniem. Gdyby\u015bmy wybrali tylko jeden przymiotnik, to ka\u017cda decyzja nagle sta\u0142aby si\u0119 du\u017co \u0142atwiejsza.<br \/>\nWarto jednak pami\u0119ta\u0107, by nie popada\u0107 w zniech\u0119cenie ju\u017c na samym pocz\u0105tku. Bo mo\u017cemy sprawi\u0107, \u017ce nasz <a href=\"https:\/\/z500.pl\/plac-budowy.html\">dom<\/a> b\u0119dzie zar\u00f3wno \u0142adny jak i funkcjonalny. Wymaga to co prawda od nas du\u017co d\u0142u\u017cszych poszukiwa\u0144 produkt\u00f3w, kt\u00f3re spe\u0142ni\u0105 te dwie cechy. Ale je\u015bli tylko w nich wytrwamy to na pewno w ko\u0144cu znajdziemy co\u015b dla nas odpowiedniego. Oczywi\u015bcie potrzebujemy na to te\u017c znacznie wi\u0119cej czasu. Ale z pewno\u015bci\u0105 warto jest go po\u015bwi\u0119ci\u0107, bo w ko\u0144cu dom ma nam s\u0142u\u017cy\u0107 d\u0142ugie lata. Ponadto na pewno ka\u017cdy, kto nas odwiedzi b\u0119dzie si\u0119 w\u00f3wczas zastanawia\u0142 jak nam uda\u0142o si\u0119 to zrobi\u0107. Nie od dzi\u015b te\u017c wiadomo, \u017ce dom, kt\u00f3ry jest wy\u0142\u0105cznie funkcjonalny nie daje nam tyle rado\u015bci. Porz\u0105dek, \u0142adne pomieszczenia, du\u017co przestrzeni \u2013 to wszystko s\u0105 rzeczy, kt\u00f3re w stopniu wi\u0119kszym, ni\u017c mogliby\u015bmy s\u0105dzi\u0107 wp\u0142ywaj\u0105 na nasze samopoczucie. Je\u015bli wi\u0119c chcemy, by nasz dom by\u0142 miejscem, w kt\u00f3rym czujemy si\u0119 jeszcze bardziej komfortowo, koniecznie zadbajmy o to ju\u017c od samego pocz\u0105tku. A wtedy z pewno\u015bci\u0105 b\u0119dziemy zadowoleni przez wiele lat.<\/p>","protected":false},"excerpt":{"rendered":"<p>Kiedy ju\u017c wreszcie zabieramy si\u0119 za zakup lub budow\u0119 naszego nowego domu, czeka nas naprawd\u0119 mn\u00f3stwo ma\u0142ych i wi\u0119kszych decyzji. Musimy koniecznie okre\u015bli\u0107 swoje priorytety, wybiera\u0107 pomi\u0119dzy kilkoma jednakowo wa\u017cnymi&hellip;<\/p>\n","protected":false},"author":1,"featured_media":1387,"comment_status":"closed","ping_status":"open","sticky":false,"template":"","format":"standard","meta":[],"categories":[1],"tags":[],"_links":{"self":[{"href":"https:\/\/budowlanyblog.pl\/index.php?rest_route=\/wp\/v2\/posts\/1434"}],"collection":[{"href":"https:\/\/budowlanyblog.pl\/index.php?rest_route=\/wp\/v2\/posts"}],"about":[{"href":"https:\/\/budowlanyblog.pl\/index.php?rest_route=\/wp\/v2\/types\/post"}],"author":[{"embeddable":true,"href":"https:\/\/budowlanyblog.pl\/index.php?rest_route=\/wp\/v2\/users\/1"}],"replies":[{"embeddable":true,"href":"https:\/\/budowlanyblog.pl\/index.php?rest_route=%2Fwp%2Fv2%2Fcomments&post=1434"}],"version-history":[{"count":0,"href":"https:\/\/budowlanyblog.pl\/index.php?rest_route=\/wp\/v2\/posts\/1434\/revisions"}],"wp:featuredmedia":[{"embeddable":true,"href":"https:\/\/budowlanyblog.pl\/index.php?rest_route=\/wp\/v2\/media\/1387"}],"wp:attachment":[{"href":"https:\/\/budowlanyblog.pl\/index.php?rest_route=%2Fwp%2Fv2%2Fmedia&parent=1434"}],"wp:term":[{"taxonomy":"category","embeddable":true,"href":"https:\/\/budowlanyblog.pl\/index.php?rest_route=%2Fwp%2Fv2%2Fcategories&post=1434"},{"taxonomy":"post_tag","embeddable":true,"href":"https:\/\/budowlanyblog.pl\/index.php?rest_route=%2Fwp%2Fv2%2Ftags&post=1434"}],"curies":[{"name":"wp","href":"https:\/\/api.w.org\/{rel}","templated":true}]}}